{"id":606,"date":"2018-09-18T10:03:28","date_gmt":"2018-09-18T13:03:28","guid":{"rendered":"https:\/\/conexaotheta.com\/mkt\/?p=606"},"modified":"2018-09-21T18:10:15","modified_gmt":"2018-09-21T21:10:15","slug":"voce-e-um-curador-espiritual-vamos-descobrir","status":"publish","type":"post","link":"https:\/\/conexaotheta.com\/mkt\/2018\/09\/18\/voce-e-um-curador-espiritual-vamos-descobrir\/","title":{"rendered":"Voc\u00ea \u00e9 um curador espiritual? Vamos descobrir!"},"content":{"rendered":"<p>Cada pessoa na Terra tem a capacidade de receber e de aceitar as vibra\u00e7\u00f5es de cura, seja de outro ser humano ou do universo do Criador. Receber a cura \u00e9 um direito divino para todas as almas na Terra.<\/p>\n<p>Tamb\u00e9m \u00e9 importante compreender que o poder de um curador n\u00e3o prov\u00e9m de nenhuma habilidade especial, mas da capacidade natural de todo ser humano de expressar as energias de cura para si ou para os outros.\u00a0Isso significa que cada pessoa pode ser curada e pode ser o curador.<\/p>\n<p>H\u00e1 muitas indica\u00e7\u00f5es de que voc\u00ea pode ser um curador nessa vida. Uma maneira de saber que voc\u00ea \u00e9 um curador \u00e9 quando as pessoas se aproximam de voc\u00ea e come\u00e7am a contar todos os seus problemas.\u00a0Se voc\u00ea estiver sentado e algu\u00e9m se aproximar e come\u00e7ar a contar tudo sobre si mesmo,<strong>\u00a0\u00e9 uma boa indica\u00e7\u00e3o de que voc\u00ea \u00e9 um curador.<\/strong>\u00a0\u00c0s vezes, voc\u00ea sente isso como uma atra\u00e7\u00e3o ou desejo. Se isso \u00e9 verdade para voc\u00ea, provavelmente h\u00e1 um curador dentro de voc\u00ea.<\/p>\n<p>No fundo, todos n\u00f3s temos a capacidade de nos curar e nutrir os outros. Esp\u00edrito, energia, pensamento, inten\u00e7\u00e3o, pr\u00e1tica e cren\u00e7a est\u00e3o dispon\u00edveis para todas as pessoas. No entanto como express\u00f5es individuais da for\u00e7a da vida, todos n\u00f3s temos caminhos diferentes e nem todos n\u00f3s nos sentimos chamados para as pr\u00e1ticas curativas.<\/p>\n<p>Para aqueles de n\u00f3s que se sentem\u00a0\u201cchamados\u201d\u00a0para a cura espiritual, muitas vezes encontramos algum tipo de resist\u00eancia, seja de nossos amigos, de nossos familiares ou de nossa cultura. Isso ocorre porque a cura espiritual pode ser desaprovada por uma sociedade que \u00e9 constru\u00edda sobre a mente e o ego. No entanto apesar do modo como voc\u00ea foi criado, voc\u00ea ainda pode sentir um forte impulso em dire\u00e7\u00e3o \u00e0 cura espiritual, mesmo que isso\u00a0\u201ccontrarie o sentido\u201d\u00a0do que lhe foi ensinado.<\/p>\n<p><a href=\"https:\/\/www.eusemfronteiras.com.br\/wp-content\/uploads\/2018\/04\/43766180_m.jpg\"><img decoding=\"async\" loading=\"lazy\" class=\"aligncenter wp-image-95277 size-large\" src=\"https:\/\/www.eusemfronteiras.com.br\/wp-content\/uploads\/2018\/04\/43766180_m-1024x683.jpg\" sizes=\"(max-width: 810px) 100vw, 810px\" srcset=\"https:\/\/www.eusemfronteiras.com.br\/wp-content\/uploads\/2018\/04\/43766180_m-1024x683.jpg 1024w, https:\/\/www.eusemfronteiras.com.br\/wp-content\/uploads\/2018\/04\/43766180_m-300x200.jpg 300w, https:\/\/www.eusemfronteiras.com.br\/wp-content\/uploads\/2018\/04\/43766180_m-768x512.jpg 768w, https:\/\/www.eusemfronteiras.com.br\/wp-content\/uploads\/2018\/04\/43766180_m-810x540.jpg 810w, https:\/\/www.eusemfronteiras.com.br\/wp-content\/uploads\/2018\/04\/43766180_m-1140x760.jpg 1140w\" alt=\"cura espiritual\" width=\"810\" height=\"540\" \/><\/a><\/p>\n<p>Quando voc\u00ea coloca os outros antes de voc\u00ea, essa tamb\u00e9m \u00e9 uma indica\u00e7\u00e3o de ser um curador. Como curador, no entanto, voc\u00ea percebe que as necessidades de outras pessoas superam suas pr\u00f3prias necessidades. Por\u00e9m pode haver bloqueios, e um dos maiores bloqueios e temores para um curador \u00e9 que, se voc\u00ea se tornar um curador, ter\u00e1 que desistir de seu tempo livre. E \u00e9 bem prov\u00e1vel que voc\u00ea tenha que desistir muito do seu tempo quando voc\u00ea \u00e9 um curador.\u00a0Uma das coisas que temos que fazer \u00e9 perceber que tem que existir equil\u00edbrio.\u00a0Isso pode ser um dos maiores desafios para um curador como pessoa, compreender que \u00e9 poss\u00edvel fazer um trabalho de cura e ter tempo para si mesmo. Outro bloqueio para ser um curador vem por meio de nossos ancestrais, eles podem impedi-lo de se tornar um curador, porque muitos deles eram curadores, e isso nem sempre teve um final feliz. Liberando esse bloqueio podemos encontrar um novo sentido para as nossas vidas, colocando os nossos dons e talentos em a\u00e7\u00e3o, e isso pode fazer uma grande diferen\u00e7a.<strong>\u00a0Quando voc\u00ea entra no fluxo do seu prop\u00f3sito de alma, tudo come\u00e7a a fazer sentido e a vida come\u00e7a a fluir com mais leveza, paz, amor e portas come\u00e7am a se abrir para voc\u00ea.<\/strong>\u00a0Dessa forma, encontrar\u00e1 pessoas incr\u00edveis e que compartilham do mesmo prop\u00f3sito. H\u00e1 tantas pessoas l\u00e1 fora que s\u00e3o intuitivas e ps\u00edquicas. \u00c9 a express\u00e3o mais pura dispon\u00edvel por meio de nossas almas, cada uma ter\u00e1 um prop\u00f3sito espec\u00edfico e um significado, que permite servir aos outros.<\/p>\n<p>Por isso que a t\u00e9cnica\u00a0ThetaHealing\u00ae\u00a0vem ensinando milhares de pessoas em todo o mundo a serem Curadores \u2013 ThetaHealers\u00ae (Terapeutas de ThetaHealing\u00ae), queremos mudar o nosso planeta para uma energia mais positiva, porque, na verdade, amamos o planeta e nos amamos. Estamos correndo contra o tempo para ver se podemos mudar as formas de pensamento do planeta, uma pessoa de cada vez, e isso come\u00e7a com voc\u00ea! Descubra o ThetaHealing\u00ae!\u00a0<strong>Quer ser um curador de si mesmo e do outro?\u00a0<\/strong>Se inscreva em um dos nossos cursos, acesse o site e saiba mais:\u00a0<a href=\"http:\/\/www.thetahealingconexao.com.br\/agenda.html.\">http:\/\/www.thetahealingconexao.com.br\/agenda.html.<\/a><\/p>\n<p><iframe loading=\"lazy\" width=\"1080\" height=\"608\" src=\"https:\/\/www.youtube.com\/embed\/5vPwtQJm78s?feature=oembed\" frameborder=\"0\" allow=\"autoplay; encrypted-media\" allowfullscreen><\/iframe><\/p>\n<p>&nbsp;<\/p>\n<p>_________________________<\/p>\n<p><strong>Escrito por T\u00e2nia Rainha.<br \/>\n<\/strong><em>Lei<\/em>\u00a0de\u00a0<em>Direitos Autorais<\/em>\u00a0(<em>Lei<\/em>\u00a09.610\/98). Protege as rela\u00e7\u00f5es entre o criador e quem utiliza suas cria\u00e7\u00f5es art\u00edsticas.\u00a0<strong>Copyright \u00ae<\/strong><\/p>\n","protected":false},"excerpt":{"rendered":"<p>Cada pessoa na Terra tem a capacidade de receber e de aceitar as vibra\u00e7\u00f5es de cura, seja de outro ser humano ou do universo do Criador. Receber a cura \u00e9 um direito divino para todas as almas na Terra.<\/p>\n","protected":false},"author":2,"featured_media":607,"comment_status":"open","ping_status":"open","sticky":false,"template":"","format":"standard","meta":{"_et_pb_use_builder":"","_et_pb_old_content":"","_et_gb_content_width":""},"categories":[8,1,10],"tags":[],"aioseo_notices":[],"_links":{"self":[{"href":"https:\/\/conexaotheta.com\/mkt\/wp-json\/wp\/v2\/posts\/606"}],"collection":[{"href":"https:\/\/conexaotheta.com\/mkt\/wp-json\/wp\/v2\/posts"}],"about":[{"href":"https:\/\/conexaotheta.com\/mkt\/wp-json\/wp\/v2\/types\/post"}],"author":[{"embeddable":true,"href":"https:\/\/conexaotheta.com\/mkt\/wp-json\/wp\/v2\/users\/2"}],"replies":[{"embeddable":true,"href":"https:\/\/conexaotheta.com\/mkt\/wp-json\/wp\/v2\/comments?post=606"}],"version-history":[{"count":3,"href":"https:\/\/conexaotheta.com\/mkt\/wp-json\/wp\/v2\/posts\/606\/revisions"}],"predecessor-version":[{"id":654,"href":"https:\/\/conexaotheta.com\/mkt\/wp-json\/wp\/v2\/posts\/606\/revisions\/654"}],"wp:featuredmedia":[{"embeddable":true,"href":"https:\/\/conexaotheta.com\/mkt\/wp-json\/wp\/v2\/media\/607"}],"wp:attachment":[{"href":"https:\/\/conexaotheta.com\/mkt\/wp-json\/wp\/v2\/media?parent=606"}],"wp:term":[{"taxonomy":"category","embeddable":true,"href":"https:\/\/conexaotheta.com\/mkt\/wp-json\/wp\/v2\/categories?post=606"},{"taxonomy":"post_tag","embeddable":true,"href":"https:\/\/conexaotheta.com\/mkt\/wp-json\/wp\/v2\/tags?post=606"}],"curies":[{"name":"wp","href":"https:\/\/api.w.org\/{rel}","templated":true}]}}