{"id":1624,"date":"2020-05-29T15:15:00","date_gmt":"2020-05-29T18:15:00","guid":{"rendered":"https:\/\/conexaotheta.com\/mkt\/?p=1624"},"modified":"2020-05-29T15:15:00","modified_gmt":"2020-05-29T18:15:00","slug":"conquistando-a-unicidade","status":"publish","type":"post","link":"https:\/\/conexaotheta.com\/mkt\/2020\/05\/29\/conquistando-a-unicidade\/","title":{"rendered":"Conquistando a Unicidade"},"content":{"rendered":"<p class=\"has-drop-cap\">A maioria das pessoas no mundo est\u00e1 sob o feiti\u00e7o de um mundo dualista: bem versus mal, certo ou errado, claro versus escuro, masculino versus feminino etc. Embora esse modo de pensar crie hist\u00f3rias incr\u00edveis e respostas poderosas, vendo o mundo por essa \u00f3ptica, as experi\u00eancias causam muito sofrimento \u00e0 maior parte da humanidade devido ao refor\u00e7o consistente da m\u00eddia, religi\u00f5es e sistemas pol\u00edticos.<\/p>\n<p>As pessoas que enxergam al\u00e9m disso est\u00e3o frequentemente em um caminho espiritual e reconhecem a unidade \u2014 a ideia de que todos somos inerentemente uma ou parte da mesma origem, e estamos simplesmente experimentando uma ilus\u00e3o de separa\u00e7\u00e3o. Observe tamb\u00e9m que a ci\u00eancia moderna est\u00e1 come\u00e7ando a compartilhar essa ideia em um n\u00edvel qu\u00e2ntico energ\u00e9tico.<\/p>\n<figure class=\"wp-block-image size-large\"><picture class=\"wp-image-156507\"><source srcset=\"https:\/\/www.eusemfronteiras.com.br\/wp-content\/uploads\/2020\/05\/photo-of-person-walking-on-desert-during-evening-1987097.jpg.webp 600w, https:\/\/www.eusemfronteiras.com.br\/wp-content\/uploads\/2020\/05\/photo-of-person-walking-on-desert-during-evening-1987097-300x200.jpg.webp 300w\" type=\"image\/webp\" sizes=\"(max-width: 600px) 100vw, 600px\" data-lazy-srcset=\"https:\/\/www.eusemfronteiras.com.br\/wp-content\/uploads\/2020\/05\/photo-of-person-walking-on-desert-during-evening-1987097.jpg.webp 600w, https:\/\/www.eusemfronteiras.com.br\/wp-content\/uploads\/2020\/05\/photo-of-person-walking-on-desert-during-evening-1987097-300x200.jpg.webp 300w\" data-lazy-sizes=\"(max-width: 600px) 100vw, 600px\" \/><img decoding=\"async\" class=\"lazyloaded\" src=\"https:\/\/www.eusemfronteiras.com.br\/wp-content\/uploads\/2020\/05\/photo-of-person-walking-on-desert-during-evening-1987097.jpg\" sizes=\"(max-width: 600px) 100vw, 600px\" srcset=\"https:\/\/www.eusemfronteiras.com.br\/wp-content\/uploads\/2020\/05\/photo-of-person-walking-on-desert-during-evening-1987097.jpg 600w, https:\/\/www.eusemfronteiras.com.br\/wp-content\/uploads\/2020\/05\/photo-of-person-walking-on-desert-during-evening-1987097-300x200.jpg 300w\" alt=\"Homem caminhando em deserto de areia com c\u00e9u azul estrelado\" data-lazy-srcset=\"https:\/\/www.eusemfronteiras.com.br\/wp-content\/uploads\/2020\/05\/photo-of-person-walking-on-desert-during-evening-1987097.jpg 600w, https:\/\/www.eusemfronteiras.com.br\/wp-content\/uploads\/2020\/05\/photo-of-person-walking-on-desert-during-evening-1987097-300x200.jpg 300w\" data-lazy-sizes=\"(max-width: 600px) 100vw, 600px\" data-lazy-src=\"https:\/\/www.eusemfronteiras.com.br\/wp-content\/uploads\/2020\/05\/photo-of-person-walking-on-desert-during-evening-1987097.jpg\" data-was-processed=\"true\" \/><\/picture><figcaption><em><em>Foto de Simon Clayton no Pexels<\/em><\/em>&nbsp;<\/p>\n<\/figcaption><\/figure>\n<p data-gtm-vis-recent-on-screen-11693610_22=\"27088\" data-gtm-vis-first-on-screen-11693610_22=\"27088\" data-gtm-vis-total-visible-time-11693610_22=\"100\" data-gtm-vis-has-fired-11693610_22=\"1\">Essa verdade de que todos somos inerentemente um \u00e9 maravilhosa. Cria muita paz, aceita\u00e7\u00e3o e harmonia no mundo e naqueles que podem ver o universo atrav\u00e9s deste modelo. \u00c9 um n\u00edvel muito alto de desenvolvimento espiritual e compreens\u00e3o da natureza do universo.<\/p>\n<p>Tudo no universo est\u00e1 conectado. N\u00f3s somos todos Um. Mas nossos h\u00e1bitos di\u00e1rios podem nos separar da unidade.<\/p>\n<p>Imagine que voc\u00ea \u00e9 o universo inteiro; voc\u00ea vive em total alegria e bem-aventuran\u00e7a. Imagine que n\u00e3o h\u00e1 passado ou futuro, apenas agora. Imagine que n\u00e3o h\u00e1 espa\u00e7o ou tempo, apenas uma eternidade ilimitada. Imagine paz sem fim, harmonia e amor incondicional. Imagine nenhum medo e igualdade em todas as coisas. Esta \u00e9 a Unidade.<\/p>\n<p>Infelizmente, nunca podemos imagin\u00e1-lo completamente. Para entender ou experimentar qualquer coisa, precisamos compar\u00e1-la com outra coisa, o que imediatamente nos leva \u00e0 dualidade. Unicidade por defini\u00e7\u00e3o \u00e9 incompar\u00e1vel.<\/p>\n<figure class=\"wp-block-image size-large\"><picture class=\"wp-image-156509\"><source srcset=\"https:\/\/www.eusemfronteiras.com.br\/wp-content\/uploads\/2020\/05\/woman-in-blonde-hair-2232692.jpg.webp 600w, https:\/\/www.eusemfronteiras.com.br\/wp-content\/uploads\/2020\/05\/woman-in-blonde-hair-2232692-300x200.jpg.webp 300w\" type=\"image\/webp\" sizes=\"(max-width: 600px) 100vw, 600px\" data-lazy-srcset=\"https:\/\/www.eusemfronteiras.com.br\/wp-content\/uploads\/2020\/05\/woman-in-blonde-hair-2232692.jpg.webp 600w, https:\/\/www.eusemfronteiras.com.br\/wp-content\/uploads\/2020\/05\/woman-in-blonde-hair-2232692-300x200.jpg.webp 300w\" data-lazy-sizes=\"(max-width: 600px) 100vw, 600px\" \/><img decoding=\"async\" class=\"lazyloaded\" src=\"https:\/\/www.eusemfronteiras.com.br\/wp-content\/uploads\/2020\/05\/woman-in-blonde-hair-2232692.jpg\" sizes=\"(max-width: 600px) 100vw, 600px\" srcset=\"https:\/\/www.eusemfronteiras.com.br\/wp-content\/uploads\/2020\/05\/woman-in-blonde-hair-2232692.jpg 600w, https:\/\/www.eusemfronteiras.com.br\/wp-content\/uploads\/2020\/05\/woman-in-blonde-hair-2232692-300x200.jpg 300w\" alt=\"Mulher com rosto em movimento e imagem sobreposta a outra\" data-lazy-srcset=\"https:\/\/www.eusemfronteiras.com.br\/wp-content\/uploads\/2020\/05\/woman-in-blonde-hair-2232692.jpg 600w, https:\/\/www.eusemfronteiras.com.br\/wp-content\/uploads\/2020\/05\/woman-in-blonde-hair-2232692-300x200.jpg 300w\" data-lazy-sizes=\"(max-width: 600px) 100vw, 600px\" data-lazy-src=\"https:\/\/www.eusemfronteiras.com.br\/wp-content\/uploads\/2020\/05\/woman-in-blonde-hair-2232692.jpg\" data-was-processed=\"true\" \/><\/picture><figcaption><em>Foto de Engin Akyurt no Pexels<\/em><\/figcaption><\/figure>\n<p>Assim, enquanto a unidade \u00e9 poderosa e verdadeira, a dualidade tamb\u00e9m \u00e9 um n\u00edvel de exist\u00eancia real e incrivelmente \u00fatil e um quadro de percep\u00e7\u00e3o.<\/p>\n<p>Superar a dualidade somente \u00e9 muito dif\u00edcil de entender devido aos nossos condicionamentos. A dualidade n\u00e3o \u00e9 um problema, \u00e9 um n\u00edvel em que devemos existir para sermos humanos. Todo movimento acontece na dualidade, isso n\u00e3o \u00e9 filosofia, \u00e9 f\u00edsica.<\/p>\n<p>Ent\u00e3o, \u00e9 sempre poss\u00edvel conhecer a Unidade? Sim, mas apenas por experi\u00eancia direta, quando vamos al\u00e9m da mente, intelecto e <a href=\"https:\/\/www.eusemfronteiras.com.br\/entenda-o-que-e-ego-e-como-ele-age-na-sua-vida\/\">ego<\/a>. Unidade \u00e9 a uni\u00e3o de todos os opostos. Est\u00e1 sempre conosco como base e ess\u00eancia latente de tudo. N\u00e3o \u00e9 nada em si, mas possui o potencial para tudo. Temos que ir al\u00e9m dos sentidos, al\u00e9m da dualidade para encontrar a Unidade.<\/p>\n<p>Tamb\u00e9m podemos ter uma experi\u00eancia direta da Unidade atrav\u00e9s da medita\u00e7\u00e3o, que fornece um caminho pelo qual nossa\u00a0<a href=\"https:\/\/www.eusemfronteiras.com.br\/consciencia-cosmica-a-nova-etapa-evolutiva-da-humanidade\/\">consci\u00eancia<\/a>\u00a0se instala em n\u00edveis mais silenciosos de pensamento, at\u00e9 que finalmente transcendemos completamente o pensamento. Toda dualidade est\u00e1 no reino dos pensamentos. Quando deslizamos para os espa\u00e7os entre nossos pensamentos, nos tornamos Unidade. A unidade n\u00e3o est\u00e1 apenas experimentando algo; \u00e9 um estado de ser.<\/p>\n<figure class=\"wp-block-image size-large is-resized\"><picture class=\"wp-image-156510\"><source srcset=\"https:\/\/www.eusemfronteiras.com.br\/wp-content\/uploads\/2020\/05\/silhouette-of-group-of-people-between-tree-line-939328.jpg.webp 600w, https:\/\/www.eusemfronteiras.com.br\/wp-content\/uploads\/2020\/05\/silhouette-of-group-of-people-between-tree-line-939328-300x200.jpg.webp 300w\" type=\"image\/webp\" sizes=\"(max-width: 580px) 100vw, 580px\" data-lazy-srcset=\"https:\/\/www.eusemfronteiras.com.br\/wp-content\/uploads\/2020\/05\/silhouette-of-group-of-people-between-tree-line-939328.jpg.webp 600w, https:\/\/www.eusemfronteiras.com.br\/wp-content\/uploads\/2020\/05\/silhouette-of-group-of-people-between-tree-line-939328-300x200.jpg.webp 300w\" data-lazy-sizes=\"(max-width: 580px) 100vw, 580px\" \/><img decoding=\"async\" loading=\"lazy\" class=\"lazyloaded\" src=\"https:\/\/www.eusemfronteiras.com.br\/wp-content\/uploads\/2020\/05\/silhouette-of-group-of-people-between-tree-line-939328.jpg\" sizes=\"(max-width: 580px) 100vw, 580px\" srcset=\"https:\/\/www.eusemfronteiras.com.br\/wp-content\/uploads\/2020\/05\/silhouette-of-group-of-people-between-tree-line-939328.jpg 600w, https:\/\/www.eusemfronteiras.com.br\/wp-content\/uploads\/2020\/05\/silhouette-of-group-of-people-between-tree-line-939328-300x200.jpg 300w\" alt=\"Pessoas de costas em floresta olhando para o sol ao fundo refletindo\" width=\"580\" height=\"386\" data-lazy-srcset=\"https:\/\/www.eusemfronteiras.com.br\/wp-content\/uploads\/2020\/05\/silhouette-of-group-of-people-between-tree-line-939328.jpg 600w, https:\/\/www.eusemfronteiras.com.br\/wp-content\/uploads\/2020\/05\/silhouette-of-group-of-people-between-tree-line-939328-300x200.jpg 300w\" data-lazy-sizes=\"(max-width: 580px) 100vw, 580px\" data-lazy-src=\"https:\/\/www.eusemfronteiras.com.br\/wp-content\/uploads\/2020\/05\/silhouette-of-group-of-people-between-tree-line-939328.jpg\" data-was-processed=\"true\" \/><\/picture><figcaption><em>Foto de Daan Stevens no Pexels<\/em><\/figcaption><\/figure>\n<p>Quem somos, \u00e9 pura consci\u00eancia ou Unidade, se expressando de diferentes formas em diferentes momentos de nossa evolu\u00e7\u00e3o. A Consci\u00eancia Pura, eterna e atemporal, \u00e9 a Unidade; n\u00f3s somos a separa\u00e7\u00e3o ou a dualidade.<\/p>\n<p>E aqui reside o nosso desafio: somos um, mas pensamos que somos separados; n\u00f3s esquecemos nossa Unidade.<\/p>\n<p>Como resultado do esquecimento, criamos um mundo ilus\u00f3rio de dualidade, que leva ao sofrimento. Todos os desacordos, conflitos e guerras s\u00e3o devidos \u00e0 cren\u00e7a equivocada de que somos separados. Quando percebemos que somos um, quem ou o que h\u00e1 para lutar? Em um n\u00edvel c\u00f3smico, duas pessoas brigando s\u00e3o t\u00e3o rid\u00edculas como se suas m\u00e3os decidissem que n\u00e3o se gostam e come\u00e7assem a brigar.<\/p>\n<p>&nbsp;<\/p>\n<h5><strong>Aqui est\u00e3o algumas sugest\u00f5es para lev\u00e1-lo \u00e0 dire\u00e7\u00e3o certa:<\/strong><\/h5>\n<p>&nbsp;<\/p>\n<p>\u2013 Fazer parte de uma comunidade harmoniosa ajuda a promover os princ\u00edpios da Unidade. A comunidade nos apoia em nossa pr\u00f3pria jornada e nos permite a oportunidade de servir aos outros. A comunidade nos ajuda a abrir ideias novas e diferentes; come\u00e7ar a dissolver nossas barreiras e cren\u00e7as limitantes. A comunidade pode nos conectar com um senso de unidade.<\/p>\n<p>\u2013 A medita\u00e7\u00e3o pode nos dar exposi\u00e7\u00e3o direta \u00e0 Unidade, profundamente. Quando transcendemos o pensamento, entramos em um campo de pura consci\u00eancia \u2014 o estado fundamental n\u00e3o local da exist\u00eancia. Ao fazer esta jornada de um lado para o outro da consci\u00eancia local para a n\u00e3o local, come\u00e7amos a testemunhar o estado de Unidade, juntamente com nossos estados de consci\u00eancia de vig\u00edlia, sonho e sono profundo. Isso abre a porta para estados mais elevados de consci\u00eancia e a plena reintegra\u00e7\u00e3o da Unidade em nossas vidas.<\/p>\n<p>\u2013 Comece a ter mais consci\u00eancia de tudo em sua vida. Esteja consciente de seus pensamentos, emo\u00e7\u00f5es e como voc\u00ea reage a situa\u00e7\u00f5es e pessoas em sua vida. Tente estar consciente de suas escolhas. Estar consciente de como suas a\u00e7\u00f5es afetam sua vida e as pessoas ao seu redor pode ajudar a criar um sentimento de pertencimento \u2014 um sentimento de fazer parte de algo maior do que apenas suas pr\u00f3prias ideias.<\/p>\n<p>\u2013 Veja sua pr\u00f3pria unidade quando voc\u00ea estiver na frente de um espelho, fa\u00e7a uma pausa por um momento e olhe diretamente nos seus olhos. Diga em sil\u00eancio ou em voz alta EU SOU UM. Esta \u00e9 a sua alma refletindo de volta para si mesma e lembrando-se de sua Unidade. Pratique isso pelo menos uma vez por dia ou sempre que voc\u00ea olhar seu reflexo no espelho.<\/p>\n<figure class=\"wp-block-image size-large\"><picture class=\"wp-image-156512\"><source srcset=\"https:\/\/www.eusemfronteiras.com.br\/wp-content\/uploads\/2020\/05\/ground-group-growth-hands-461049-1.jpg.webp 640w, https:\/\/www.eusemfronteiras.com.br\/wp-content\/uploads\/2020\/05\/ground-group-growth-hands-461049-1-300x243.jpg.webp 300w\" type=\"image\/webp\" sizes=\"(max-width: 640px) 100vw, 640px\" data-lazy-srcset=\"https:\/\/www.eusemfronteiras.com.br\/wp-content\/uploads\/2020\/05\/ground-group-growth-hands-461049-1.jpg.webp 640w, https:\/\/www.eusemfronteiras.com.br\/wp-content\/uploads\/2020\/05\/ground-group-growth-hands-461049-1-300x243.jpg.webp 300w\" data-lazy-sizes=\"(max-width: 640px) 100vw, 640px\" \/><img decoding=\"async\" class=\"lazyloaded\" src=\"https:\/\/www.eusemfronteiras.com.br\/wp-content\/uploads\/2020\/05\/ground-group-growth-hands-461049-1.jpg\" sizes=\"(max-width: 640px) 100vw, 640px\" srcset=\"https:\/\/www.eusemfronteiras.com.br\/wp-content\/uploads\/2020\/05\/ground-group-growth-hands-461049-1.jpg 640w, https:\/\/www.eusemfronteiras.com.br\/wp-content\/uploads\/2020\/05\/ground-group-growth-hands-461049-1-300x243.jpg 300w\" alt=\"M\u00e3os unidas vistas de cima\" data-lazy-srcset=\"https:\/\/www.eusemfronteiras.com.br\/wp-content\/uploads\/2020\/05\/ground-group-growth-hands-461049-1.jpg 640w, https:\/\/www.eusemfronteiras.com.br\/wp-content\/uploads\/2020\/05\/ground-group-growth-hands-461049-1-300x243.jpg 300w\" data-lazy-sizes=\"(max-width: 640px) 100vw, 640px\" data-lazy-src=\"https:\/\/www.eusemfronteiras.com.br\/wp-content\/uploads\/2020\/05\/ground-group-growth-hands-461049-1.jpg\" data-was-processed=\"true\" \/><\/picture><figcaption><em>Foto de Pixabay no Pexels<\/p>\n<p><\/em><\/figcaption><\/figure>\n<p>\u2013 Veja a Unidade em Tudo, o Bhagavad Gita declara:\u00a0<em>\u201cSe voc\u00ea pode ver Deus (a Unidade) em todos, nunca pode fazer mal a ningu\u00e9m.\u201d<\/em>\u00a0Aonde quer que voc\u00ea v\u00e1, o que quer que experimente atrav\u00e9s dos sentidos, lembre-se de que tudo faz parte da mesma Unidade. Comece a reconhecer o mundo como um reflexo de si mesmo.<\/p>\n<p>\u2013 A b\u00ean\u00e7\u00e3o indiana Namast\u00ea \u00e9 acompanhada pela uni\u00e3o das palmas das m\u00e3os em frente ao centro do cora\u00e7\u00e3o, quando se encontra ou se despede de algu\u00e9m. Significa:\u00a0<em>\u201cEu reconhe\u00e7o a Divindade em voc\u00ea, que tamb\u00e9m \u00e9 a Divindade em mim\u201d<\/em>\u00a0ou, em outras palavras,\u00a0<em>\u201cN\u00f3s somos a mesma Unidade\u201d<\/em>. Se n\u00e3o \u00e9 confort\u00e1vel para voc\u00ea falar em voz alta, pense em sil\u00eancio sempre que encontrar algu\u00e9m.<\/p>\n<p>\u2013 A unidade \u00e9 o potencial para todos os sons, mas \u00e9 silenciosa. Em todo momento da exist\u00eancia, toda a cria\u00e7\u00e3o est\u00e1 constantemente emergindo do sil\u00eancio da Unidade. O primeiro som ou vibra\u00e7\u00e3o emergindo do sil\u00eancio \u00e9 OM. Essa vibra\u00e7\u00e3o se expande em todos os sons e vibra\u00e7\u00f5es do Universo. Quando cantamos OM, ela atrai nossa consci\u00eancia de volta a manifesta\u00e7\u00e3o da cria\u00e7\u00e3o e \u00e0 Unidade.<\/p>\n<p>\u2013 O amor \u00e9 a maior e mais poderosa for\u00e7a unificadora da cria\u00e7\u00e3o. Quando estamos apaixonados, tornamo-nos um com o objeto do nosso amor. Essas cita\u00e7\u00f5es inspiradoras que contam a hist\u00f3ria da rela\u00e7\u00e3o entre amor e Unidade.<\/p>\n<p>Viva sua vida a partir do amor, reconhe\u00e7a que voc\u00ea \u00e9 consci\u00eancia pura. Reconhe\u00e7a quem voc\u00ea \u00e9 e viva sua vida em paz. N\u00e3o h\u00e1 mais nada a fazer. N\u00e3o h\u00e1 curva de aprendizado, n\u00e3o h\u00e1 desafios a dominar, n\u00e3o h\u00e1 problemas a serem resolvidos. Apenas seja.<\/p>\n<p>&nbsp;<\/p>\n<p><strong>Escrito por T\u00e2nia Rainha.<br \/>\n<\/strong><em>Lei<\/em>\u00a0de\u00a0<em>Direitos Autorais<\/em>\u00a0(<em>Lei<\/em>\u00a09.610\/98). Protege as rela\u00e7\u00f5es entre o criador e quem utiliza suas cria\u00e7\u00f5es art\u00edsticas.\u00a0<strong>Copyright \u00ae<\/strong><\/p>\n","protected":false},"excerpt":{"rendered":"<p>A maioria das pessoas no mundo est\u00e1 sob o feiti\u00e7o de um mundo dualista: bem versus mal, certo ou errado, claro versus escuro, masculino versus feminino etc. Embora esse modo de pensar crie hist\u00f3rias incr\u00edveis e respostas poderosas, vendo o mundo por essa \u00f3ptica, as experi\u00eancias causam muito sofrimento \u00e0 maior parte da humanidade devido [&hellip;]<\/p>\n","protected":false},"author":2,"featured_media":1632,"comment_status":"open","ping_status":"open","sticky":false,"template":"","format":"standard","meta":{"_et_pb_use_builder":"","_et_pb_old_content":"","_et_gb_content_width":""},"categories":[8,1,10],"tags":[],"aioseo_notices":[],"_links":{"self":[{"href":"https:\/\/conexaotheta.com\/mkt\/wp-json\/wp\/v2\/posts\/1624"}],"collection":[{"href":"https:\/\/conexaotheta.com\/mkt\/wp-json\/wp\/v2\/posts"}],"about":[{"href":"https:\/\/conexaotheta.com\/mkt\/wp-json\/wp\/v2\/types\/post"}],"author":[{"embeddable":true,"href":"https:\/\/conexaotheta.com\/mkt\/wp-json\/wp\/v2\/users\/2"}],"replies":[{"embeddable":true,"href":"https:\/\/conexaotheta.com\/mkt\/wp-json\/wp\/v2\/comments?post=1624"}],"version-history":[{"count":7,"href":"https:\/\/conexaotheta.com\/mkt\/wp-json\/wp\/v2\/posts\/1624\/revisions"}],"predecessor-version":[{"id":1633,"href":"https:\/\/conexaotheta.com\/mkt\/wp-json\/wp\/v2\/posts\/1624\/revisions\/1633"}],"wp:featuredmedia":[{"embeddable":true,"href":"https:\/\/conexaotheta.com\/mkt\/wp-json\/wp\/v2\/media\/1632"}],"wp:attachment":[{"href":"https:\/\/conexaotheta.com\/mkt\/wp-json\/wp\/v2\/media?parent=1624"}],"wp:term":[{"taxonomy":"category","embeddable":true,"href":"https:\/\/conexaotheta.com\/mkt\/wp-json\/wp\/v2\/categories?post=1624"},{"taxonomy":"post_tag","embeddable":true,"href":"https:\/\/conexaotheta.com\/mkt\/wp-json\/wp\/v2\/tags?post=1624"}],"curies":[{"name":"wp","href":"https:\/\/api.w.org\/{rel}","templated":true}]}}