{"id":1024,"date":"2019-04-29T17:53:07","date_gmt":"2019-04-29T20:53:07","guid":{"rendered":"https:\/\/conexaotheta.com\/mkt\/?p=1024"},"modified":"2019-04-29T18:01:12","modified_gmt":"2019-04-29T21:01:12","slug":"saindo-do-medo-encontrando-o-amor","status":"publish","type":"post","link":"https:\/\/conexaotheta.com\/mkt\/2019\/04\/29\/saindo-do-medo-encontrando-o-amor\/","title":{"rendered":"Saindo do Medo encontrando o Amor"},"content":{"rendered":"<p><strong><span class=\"mks_dropcap_letter\">O<\/span><\/strong>\u00a0medo \u00e9 uma emo\u00e7\u00e3o poderosa que nos distrai do foco do que \u00e9 importante. Isso nos mant\u00e9m focados exatamente naquilo que n\u00e3o queremos, em vez de nos concentrarmos naquilo que queremos. Nossos medos interferem em nossa capacidade de criar os melhores resultados poss\u00edveis para nossas vidas e para o mundo. <strong>Nossos medos nos mant\u00eam enjaulados dentro de um conjunto limitado de possibilidades.<\/strong><\/p>\n<p>\u00c0 medida que despertamos para a verdade de nosso eu superior e para a realidade mais ampla, percebemos que nossos pensamentos s\u00e3o criativos e que nos concentramos em atra\u00ed-los. O poder criativo do pensamento \u00e9 largamente determinado pela sua dura\u00e7\u00e3o, consist\u00eancia e intensidade emotiva. O medo \u00e9 uma emo\u00e7\u00e3o muito forte e se voc\u00ea deix\u00e1-lo dominar a sua mente, isso far\u00e1 de voc\u00ea um poderoso manifestador do que voc\u00ea <strong>N\u00c3O QUER<\/strong>.<\/p>\n<p>No que se refere ao n\u00edvel pessoal, muitos de n\u00f3s permitem que as experi\u00eancias dolorosas ou desafiadoras de nosso passado dominem nossos pensamentos e respostas no presente. Vivemos com medo de reviver traumas do passado e nos tornarmos vigilantes, defensivos e reativos, em vez de permanecermos abertos para novas experi\u00eancias no presente.<\/p>\n<p><a href=\"https:\/\/www.eusemfronteiras.com.br\/wp-content\/uploads\/2019\/04\/37774448_m.jpg\"><img decoding=\"async\" loading=\"lazy\" class=\"alignnone wp-image-123185 size-large\" title=\"fonte divina\" src=\"https:\/\/www.eusemfronteiras.com.br\/wp-content\/uploads\/2019\/04\/37774448_m-1024x658.jpg\" sizes=\"(max-width: 810px) 100vw, 810px\" srcset=\"https:\/\/www.eusemfronteiras.com.br\/wp-content\/uploads\/2019\/04\/37774448_m-1024x658.jpg 1024w, https:\/\/www.eusemfronteiras.com.br\/wp-content\/uploads\/2019\/04\/37774448_m-300x193.jpg 300w, https:\/\/www.eusemfronteiras.com.br\/wp-content\/uploads\/2019\/04\/37774448_m-768x494.jpg 768w, https:\/\/www.eusemfronteiras.com.br\/wp-content\/uploads\/2019\/04\/37774448_m-810x521.jpg 810w, https:\/\/www.eusemfronteiras.com.br\/wp-content\/uploads\/2019\/04\/37774448_m-1140x733.jpg 1140w\" alt=\"Mulher olhando pela janela de um ve\u00edculo.\" width=\"810\" height=\"520\" \/><\/a><\/p>\n<blockquote>\n<h3>Talvez nossos medos mais profundos sejam o de n\u00e3o ter o suficiente ou de n\u00e3o ser suficiente.<\/h3>\n<\/blockquote>\n<p>De n\u00e3o ser capaz de fazer algo e n\u00e3o ser bom o suficiente, digno o suficiente ou merecer o suficiente. Medos que nasceram da ilus\u00e3o de limita\u00e7\u00e3o que s\u00e3o encorajados pela nossa realidade.<\/p>\n<p><strong>Nosso mundo \u00e9 dominado pelo medo.<\/strong> Medo do terrorismo, medo de envelhecer, medo da morte, medo do c\u00e2ncer, medo de qualquer coisa. A grande m\u00eddia nos bombardeia com m\u00e1s not\u00edcias. Interesses comerciais jogam em n\u00f3s muitas inseguran\u00e7as e medos para vender produtos.<\/p>\n<p>O medo n\u00e3o \u00e9 necessariamente uma coisa ruim. O medo \u00e9 um aspecto do ego, e uma certa quantidade dele \u00e9 necess\u00e1ria para nos proteger como seres f\u00edsicos. Mas o medo se tornou exagerado dentro de n\u00f3s, muito al\u00e9m do instinto de prote\u00e7\u00e3o; tornando-se um modo de vida, uma experi\u00eancia constante e uma voz de orienta\u00e7\u00e3o interna.<\/p>\n<p>N\u00f3s nos perdemos neste reino de separa\u00e7\u00e3o e dualidade e passamos a acreditar profundamente na limita\u00e7\u00e3o e que estamos separados do Todo. Perdemos o contato com o nosso Eu Superior, que n\u00e3o conhece limita\u00e7\u00f5es e nem separa\u00e7\u00e3o, essa parte Divina que est\u00e1 conectada com a Fonte Criadora de Tudo o que \u00c9.<\/p>\n<p>Felizmente, uma grande mudan\u00e7a na consci\u00eancia da humanidade est\u00e1 ocorrendo e muitos de n\u00f3s est\u00e3o come\u00e7ando a transcender nossos medos; mudando das respostas centradas no medo da mente e do ego para as respostas centradas na compaix\u00e3o do cora\u00e7\u00e3o e mudando do medo e julgamento para perd\u00e3o e amor.<\/p>\n<p><a href=\"https:\/\/www.eusemfronteiras.com.br\/wp-content\/uploads\/2019\/04\/73865736_m.jpg\"><img decoding=\"async\" loading=\"lazy\" class=\"alignnone wp-image-123187 size-large\" title=\"amor\" src=\"https:\/\/www.eusemfronteiras.com.br\/wp-content\/uploads\/2019\/04\/73865736_m-1024x683.jpg\" sizes=\"(max-width: 810px) 100vw, 810px\" srcset=\"https:\/\/www.eusemfronteiras.com.br\/wp-content\/uploads\/2019\/04\/73865736_m-1024x683.jpg 1024w, https:\/\/www.eusemfronteiras.com.br\/wp-content\/uploads\/2019\/04\/73865736_m-300x200.jpg 300w, https:\/\/www.eusemfronteiras.com.br\/wp-content\/uploads\/2019\/04\/73865736_m-768x512.jpg 768w, https:\/\/www.eusemfronteiras.com.br\/wp-content\/uploads\/2019\/04\/73865736_m-810x540.jpg 810w, https:\/\/www.eusemfronteiras.com.br\/wp-content\/uploads\/2019\/04\/73865736_m-1140x760.jpg 1140w\" alt=\"Duas mulheres se abra\u00e7ando.\" width=\"810\" height=\"540\" \/><\/a><\/p>\n<p>No entanto, muitos ainda est\u00e3o envolvidos em seus dramas pessoais, bem como no drama terreno coletivo. Guerras e terrorismo em todos os lugares, fome e pobreza, desastres de todos os tipos\u2026 parece haver muito com o que se preocupar.<\/p>\n<blockquote>\n<h3>E se a sua resposta a tudo em sua realidade e em seu mundo, ao inv\u00e9s de uma experi\u00eancia dolorosa, fosse compaix\u00e3o por voc\u00ea e por todos os envolvidos?<\/h3>\n<\/blockquote>\n<p>Imagine se cada experi\u00eancia em seu passado, que o encorajou a reagir com medo, fosse alterada e apagada, substitu\u00edda por uma resposta de compaix\u00e3o. <strong>Como seria isso?<\/strong> Que perspectiva voc\u00ea teria sobre o mundo? Mudando sua hist\u00f3ria de medo por compaix\u00e3o, como voc\u00ea reagiria ou se sentiria sobre \u00e1reas de sua realidade atual que est\u00e3o causando rea\u00e7\u00f5es de medo? Talvez as situa\u00e7\u00f5es atuais nem sequer tenham sido manifestadas por voc\u00ea. Lembre-se que resist\u00eancia, frustra\u00e7\u00e3o, ansiedade, estresse e preocupa\u00e7\u00e3o tamb\u00e9m s\u00e3o aspectos do medo.<\/p>\n<p>H\u00e1 muitas circunst\u00e2ncias horr\u00edveis em que pode parecer apropriado reagir com medo, raiva e indigna\u00e7\u00e3o. Mas imagine como seria curar o Medo ao reagir com compaix\u00e3o. O <a href=\"https:\/\/www.eusemfronteiras.com.br\/o-que-e-o-thetahealing\/\">ThetaHealing\u00ae<\/a> pode ajudar a liberar cren\u00e7as e medos que s\u00e3o novos para voc\u00ea, assim como aqueles que voc\u00ea tem desde a inf\u00e2ncia. Voc\u00ea pode descobrir mais sobre voc\u00ea e como liberar seus medos mais ocultos e inseguran\u00e7as em uma sess\u00e3o de ThetaHealing\u00ae, onde o profissional dessa t\u00e9cnica usa a onda cerebral Theta para fazer essas mudan\u00e7as em voc\u00ea, te levando do Medo para o Amor, permitindo que o amor e a luz da Fonte Divina fluam atrav\u00e9s de voc\u00ea; isso te abrir\u00e1 para a orienta\u00e7\u00e3o e a interven\u00e7\u00e3o divinas.<\/p>\n<p><a href=\"https:\/\/www.eusemfronteiras.com.br\/wp-content\/uploads\/2019\/04\/114915214_m.jpg\"><img decoding=\"async\" loading=\"lazy\" class=\"alignnone wp-image-123189 size-large\" title=\"saindo do medo\" src=\"https:\/\/www.eusemfronteiras.com.br\/wp-content\/uploads\/2019\/04\/114915214_m-1024x683.jpg\" sizes=\"(max-width: 810px) 100vw, 810px\" srcset=\"https:\/\/www.eusemfronteiras.com.br\/wp-content\/uploads\/2019\/04\/114915214_m-1024x683.jpg 1024w, https:\/\/www.eusemfronteiras.com.br\/wp-content\/uploads\/2019\/04\/114915214_m-300x200.jpg 300w, https:\/\/www.eusemfronteiras.com.br\/wp-content\/uploads\/2019\/04\/114915214_m-768x513.jpg 768w, https:\/\/www.eusemfronteiras.com.br\/wp-content\/uploads\/2019\/04\/114915214_m-810x541.jpg 810w, https:\/\/www.eusemfronteiras.com.br\/wp-content\/uploads\/2019\/04\/114915214_m-1140x761.jpg 1140w\" alt=\"Paciente recebendo Thetahealing.\" width=\"810\" height=\"540\" \/><\/a><\/p>\n<p>Exercer compaix\u00e3o permite que todas as situa\u00e7\u00f5es sejam iluminadas com luz, amor e paz para si e para toda a humanidade. Se cada pessoa escolher reagir com compaix\u00e3o, o medo desaparecer\u00e1 e a bondade florescer\u00e1 em seu lugar.<\/p>\n<p><em>Da bondade nasce o amor, o amor incondicional da Fonte Divina, que pode ser ampla e livremente compartilhada porque sua oferta \u00e9 ilimitada. Quando o amor da Fonte Divina est\u00e1 presente, tudo e qualquer coisa \u00e9 poss\u00edvel e capaz de se manifestar com facilidade e perfei\u00e7\u00e3o.<\/em><\/p>\n<p>Seu cora\u00e7\u00e3o est\u00e1 convidando voc\u00ea a ser amoroso em todos os momentos; \u00e9 por meio da compaix\u00e3o e da consci\u00eancia do medo que voc\u00ea pode encorajar os outros a experimentar o profundo amor do Criador e contribuir para a manifesta\u00e7\u00e3o de uma nova realidade, uma realidade caracterizada pela coopera\u00e7\u00e3o, harmonia, paz e prosperidade para todos.<\/p>\n","protected":false},"excerpt":{"rendered":"<p>O\u00a0medo \u00e9 uma emo\u00e7\u00e3o poderosa que nos distrai do foco do que \u00e9 importante. Isso nos mant\u00e9m focados exatamente naquilo que n\u00e3o queremos, em vez de nos concentrarmos naquilo que queremos. Nossos medos interferem em nossa capacidade de criar os melhores resultados poss\u00edveis para nossas vidas e para o mundo. Nossos medos nos mant\u00eam enjaulados [&hellip;]<\/p>\n","protected":false},"author":2,"featured_media":1025,"comment_status":"open","ping_status":"open","sticky":false,"template":"","format":"standard","meta":{"_et_pb_use_builder":"","_et_pb_old_content":"","_et_gb_content_width":""},"categories":[8,1,10],"tags":[],"aioseo_notices":[],"_links":{"self":[{"href":"https:\/\/conexaotheta.com\/mkt\/wp-json\/wp\/v2\/posts\/1024"}],"collection":[{"href":"https:\/\/conexaotheta.com\/mkt\/wp-json\/wp\/v2\/posts"}],"about":[{"href":"https:\/\/conexaotheta.com\/mkt\/wp-json\/wp\/v2\/types\/post"}],"author":[{"embeddable":true,"href":"https:\/\/conexaotheta.com\/mkt\/wp-json\/wp\/v2\/users\/2"}],"replies":[{"embeddable":true,"href":"https:\/\/conexaotheta.com\/mkt\/wp-json\/wp\/v2\/comments?post=1024"}],"version-history":[{"count":3,"href":"https:\/\/conexaotheta.com\/mkt\/wp-json\/wp\/v2\/posts\/1024\/revisions"}],"predecessor-version":[{"id":1028,"href":"https:\/\/conexaotheta.com\/mkt\/wp-json\/wp\/v2\/posts\/1024\/revisions\/1028"}],"wp:featuredmedia":[{"embeddable":true,"href":"https:\/\/conexaotheta.com\/mkt\/wp-json\/wp\/v2\/media\/1025"}],"wp:attachment":[{"href":"https:\/\/conexaotheta.com\/mkt\/wp-json\/wp\/v2\/media?parent=1024"}],"wp:term":[{"taxonomy":"category","embeddable":true,"href":"https:\/\/conexaotheta.com\/mkt\/wp-json\/wp\/v2\/categories?post=1024"},{"taxonomy":"post_tag","embeddable":true,"href":"https:\/\/conexaotheta.com\/mkt\/wp-json\/wp\/v2\/tags?post=1024"}],"curies":[{"name":"wp","href":"https:\/\/api.w.org\/{rel}","templated":true}]}}